{"id":1840,"date":"2026-07-23T12:20:35","date_gmt":"2026-07-23T11:20:35","guid":{"rendered":"https:\/\/mpacanaryislands.org\/?p=1840"},"modified":"2026-07-23T12:21:28","modified_gmt":"2026-07-23T11:21:28","slug":"mpa-canary-islands-presente-en-el-acto-de-aniversario-de-las-reservas-marinas-de-canarias","status":"publish","type":"post","link":"https:\/\/mpacanaryislands.org\/?p=1840","title":{"rendered":"MPA Canary Islands, presente en el acto de aniversario de las Reservas Marinas de Canarias"},"content":{"rendered":"\n<p class=\"wp-block-paragraph\">El coordinador general del proyecto MPA Canary Islands, Octavio Llin\u00e1s, particip\u00f3 ayer en el acto de aniversario de las Reservas Marinas de Canarias celebrado en la Subdelegaci\u00f3n del Gobierno en Santa Cruz de Tenerife. Con su presencia, Llin\u00e1s refuerza el objetivo fundacional del proyecto de ofrecer la m\u00e1xima colaboraci\u00f3n a las administraciones p\u00fablicas y a los sectores implicados en la conservaci\u00f3n de las \u00e1reas marinas de Canarias en materia de asesoramiento cient\u00edfico. En est acto, el ministro de Agricultura, Pesca y Alimentaci\u00f3n, Luis Planas, ha defendido el modelo de \u00e9xito en la conjugaci\u00f3n de la conservaci\u00f3n de la biodiversidad y la actividad pesquera artesanal que constituye la gesti\u00f3n de la red de Reservas Marinas de Inter\u00e9s Pesquero (RMIP). \u00a0<\/p>\n\n\n\n<p class=\"wp-block-paragraph\">Planas particip\u00f3 en el acto de aniversario de las Reservas Marinas de Canarias, 30 a\u00f1os de la de La Graciosa e Islotes del Norte de Lanzarote y de la de La Restinga, en El Hierro (El Hierro), ambas de gesti\u00f3n compartida entre el Ministerio de Agricultura, Pesca y Alimentaci\u00f3n y la Junta de Canarias, y 25 a\u00f1os de la de La Palma, de responsabilidad estatal.&nbsp;<\/p>\n\n\n\n<p class=\"wp-block-paragraph\">En su intervenci\u00f3n, el ministro ha destacado que la gesti\u00f3n de las reservas marinas \u201ces una de las pol\u00edticas p\u00fablicas m\u00e1s exitosas del Ministerio de Agricultura, Pesca y Alimentaci\u00f3n y, particularmente, de la Secretar\u00eda General de Pesca\u201d y que se trata de un \u201cmodelo de referencia nacional e internacional de protecci\u00f3n de nuestros mares y oc\u00e9anos\u201d. Adem\u00e1s, es tambi\u00e9n un mecanismo para una gesti\u00f3n pesquera sostenible y de apoyo a la pesca artesanal, ha se\u00f1alado.&nbsp;&nbsp;<\/p>\n\n\n\n<figure class=\"wp-block-image size-large\"><img loading=\"lazy\" decoding=\"async\" width=\"1024\" height=\"681\" src=\"https:\/\/mpacanaryislands.org\/wp-content\/uploads\/2026\/07\/22.07.26-Reservas-marinas1-1024x681.jpeg\" alt=\"\" class=\"wp-image-1843\" srcset=\"https:\/\/mpacanaryislands.org\/wp-content\/uploads\/2026\/07\/22.07.26-Reservas-marinas1-980x652.jpeg 980w, https:\/\/mpacanaryislands.org\/wp-content\/uploads\/2026\/07\/22.07.26-Reservas-marinas1-480x319.jpeg 480w\" sizes=\"(min-width: 0px) and (max-width: 480px) 480px, (min-width: 481px) and (max-width: 980px) 980px, (min-width: 981px) 1024px, 100vw\" \/><\/figure>\n\n\n\n<p class=\"wp-block-paragraph\">Planas ha explicado que el ministerio trabaja actualmente en mejorar la supervisi\u00f3n y la inspecci\u00f3n, con innovaci\u00f3n tecnol\u00f3gica de \u00faltima generaci\u00f3n y que para ello se ha decidido que estas funciones sean asumidas por el cuerpo de Inspectores de Pesca Mar\u00edtima del Estado, \u201cmediante un plan espec\u00edfico de vigilancia para cada reserva\u201d. Ha anunciado que entre la nueva tecnolog\u00eda que se va a incorporar, se incluyen c\u00e1maras inteligentes para prevenir el furtivismo, una cuesti\u00f3n que ha considerado \u201cabsolutamente necesaria\u201d.<\/p>\n\n\n\n<p class=\"wp-block-paragraph\">Planas ha destacado la implicaci\u00f3n del sector pesquero, y particularmente de las confrad\u00edas de pescadores, que apostaron desde el principio por la creaci\u00f3n de estas reservas y dieron un paso adelante muy importante para la gesti\u00f3n participativa y la planificaci\u00f3n. As\u00ed, ha destacado que la gesti\u00f3n de la Red de Reservas Marinas de Inter\u00e9s Pesquero es un modelo \u00fanico de colaboraci\u00f3n entre las cofrad\u00edas de pesca artesanal, los cient\u00edficos, que realizan una tarea fundamental de investigaci\u00f3n y seguimiento, las administraciones p\u00fablicas, -en este caso el Gobierno de Canarias y el Gobierno de Espa\u00f1a-.&nbsp;<\/p>\n\n\n\n<p class=\"wp-block-paragraph\">El proceso de digitalizaci\u00f3n, ha remarcado el ministro, tiene que hacerse de la mano de los pescadores, que en ning\u00fan caso deben verlo como un reto insuperable. Por ello, ha asegurado que \u201cvamos a hacer todo lo necesario desde el punto de vista del acompa\u00f1amiento y del asesoramiento para que sea posible\u201d.<\/p>\n\n\n\n<p class=\"wp-block-paragraph\">Adem\u00e1s, ha se\u00f1alado que el modelo de las reservas marinas ayuda al relevo generacional, uno de los principales desaf\u00edos del sector, ya que implica una actividad sostenible y rentable, que adem\u00e1s goza de prestigio social.<\/p>\n\n\n\n<p class=\"wp-block-paragraph\">Tras cuatro d\u00e9cadas desde la declaraci\u00f3n de la primera reserva marina en Tabarca (Alicante) en 1986,&nbsp;<a href=\"https:\/\/www.mapa.gob.es\/es\/pesca\/temas\/proteccion-recursos-pesqueros\/reservas-marinas-de-espana\">Espa\u00f1a cuenta hoy con 12 reservas marinas<\/a>&nbsp;que protegen m\u00e1s de 105.000 hect\u00e1reas. Cinco de estas reservas son gestionadas exclusivamente por el ministerio y siete de manera compartida con las comunidades aut\u00f3nomas.<\/p>\n\n\n\n<p class=\"wp-block-paragraph\">Ayer, el ministro visit\u00f3 la&nbsp;<a href=\"https:\/\/www.youtube.com\/watch?v=uDRMYH7_wpc\">Reserva Marina de Inter\u00e9s Pesquero de La Graciosa e Islotes del Norte de Lanzarote,<\/a>&nbsp;la m\u00e1s extensa de toda la red de Reservas Marinas de Inter\u00e9s Pesquero, con 70.100 hect\u00e1reas de las 105.000 que suman en total estos espacios. Planas mantuvo un encuentro con pescadores para conocer de primera mano sus principales preocupaciones y anunci\u00f3 el refuerzo de una nueva embarcaci\u00f3n de vigilancia en La Graciosa, m\u00e1s moderna y con mayores capacidades operativas, financiada con fondos del Plan de Recuperaci\u00f3n, Transformaci\u00f3n y Resiliencia.<\/p>\n","protected":false},"excerpt":{"rendered":"<p>El coordinador general del proyecto MPA Canary Islands, Octavio Llin\u00e1s, particip\u00f3 ayer en el acto de aniversario de las Reservas Marinas de Canarias celebrado en la Subdelegaci\u00f3n del Gobierno en Santa Cruz de Tenerife. Con su presencia, Llin\u00e1s refuerza el objetivo fundacional del proyecto de ofrecer la m\u00e1xima colaboraci\u00f3n a las administraciones p\u00fablicas y a [&hellip;]<\/p>\n","protected":false},"author":6,"featured_media":1841,"comment_status":"open","ping_status":"closed","sticky":false,"template":"","format":"standard","meta":{"_et_pb_use_builder":"off","_et_pb_old_content":"","_et_gb_content_width":"","footnotes":""},"categories":[17],"tags":[],"class_list":["post-1840","post","type-post","status-publish","format-standard","has-post-thumbnail","hentry","category-noticias"],"_links":{"self":[{"href":"https:\/\/mpacanaryislands.org\/index.php?rest_route=\/wp\/v2\/posts\/1840","targetHints":{"allow":["GET"]}}],"collection":[{"href":"https:\/\/mpacanaryislands.org\/index.php?rest_route=\/wp\/v2\/posts"}],"about":[{"href":"https:\/\/mpacanaryislands.org\/index.php?rest_route=\/wp\/v2\/types\/post"}],"author":[{"embeddable":true,"href":"https:\/\/mpacanaryislands.org\/index.php?rest_route=\/wp\/v2\/users\/6"}],"replies":[{"embeddable":true,"href":"https:\/\/mpacanaryislands.org\/index.php?rest_route=%2Fwp%2Fv2%2Fcomments&post=1840"}],"version-history":[{"count":2,"href":"https:\/\/mpacanaryislands.org\/index.php?rest_route=\/wp\/v2\/posts\/1840\/revisions"}],"predecessor-version":[{"id":1846,"href":"https:\/\/mpacanaryislands.org\/index.php?rest_route=\/wp\/v2\/posts\/1840\/revisions\/1846"}],"wp:featuredmedia":[{"embeddable":true,"href":"https:\/\/mpacanaryislands.org\/index.php?rest_route=\/wp\/v2\/media\/1841"}],"wp:attachment":[{"href":"https:\/\/mpacanaryislands.org\/index.php?rest_route=%2Fwp%2Fv2%2Fmedia&parent=1840"}],"wp:term":[{"taxonomy":"category","embeddable":true,"href":"https:\/\/mpacanaryislands.org\/index.php?rest_route=%2Fwp%2Fv2%2Fcategories&post=1840"},{"taxonomy":"post_tag","embeddable":true,"href":"https:\/\/mpacanaryislands.org\/index.php?rest_route=%2Fwp%2Fv2%2Ftags&post=1840"}],"curies":[{"name":"wp","href":"https:\/\/api.w.org\/{rel}","templated":true}]}}