{"id":1848,"date":"2026-07-28T19:21:55","date_gmt":"2026-07-28T18:21:55","guid":{"rendered":"https:\/\/mpacanaryislands.org\/?p=1848"},"modified":"2026-07-30T10:49:24","modified_gmt":"2026-07-30T09:49:24","slug":"informacion-publica-para-la-ampliacion-de-la-red-natura-2000-marina-21-nuevos-espacios-protegidos-y-2-zepa-avanzan-hacia-el-objetivo-30x30","status":"publish","type":"post","link":"https:\/\/mpacanaryislands.org\/?p=1848","title":{"rendered":"Informaci\u00f3n p\u00fablica para la ampliaci\u00f3n de la Red Natura 2000 marina: 21 nuevos espacios protegidos y 2 ZEPA avanzan hacia el objetivo 30&#215;30"},"content":{"rendered":"\n<p class=\"wp-block-paragraph\">El Ministerio para la Transici\u00f3n Ecol\u00f3gica y el Reto Demogr\u00e1fico (MITECO) ha abierto el tr\u00e1mite de audiencia e informaci\u00f3n p\u00fablica del proyecto de Orden ministerial por la que se propone la inclusi\u00f3n de <strong>21 espacios marinos protegidos<\/strong> en la lista de Lugares de Importancia Comunitaria (LIC) de la <strong>Red Natura 2000<\/strong> y la declaraci\u00f3n de <strong>dos nuevas Zonas de Especial Protecci\u00f3n para las Aves (ZEPA)<\/strong> en aguas marinas espa\u00f1olas.<\/p>\n\n\n\n<p class=\"wp-block-paragraph\">Esta iniciativa constituye un paso decisivo para el cumplimiento del compromiso internacional <strong>30&#215;30<\/strong>, que persigue alcanzar la protecci\u00f3n efectiva del 30% de las aguas marinas espa\u00f1olas antes de 2030. La propuesta responde a los objetivos establecidos en el <strong>Marco Global de Biodiversidad de Naciones Unidas<\/strong>, la <strong>Estrategia de Biodiversidad de la Uni\u00f3n Europea para 2030<\/strong> y el <strong>Plan Estrat\u00e9gico Estatal del Patrimonio Natural y de la Biodiversidad<\/strong>, aprobado mediante el Real Decreto 1057\/2022.<\/p>\n\n\n\n<p class=\"wp-block-paragraph\">Para <strong>Carlos Mallo<\/strong>, miembro del <strong>Comit\u00e9 de Expertos del proyecto MPA Canary Islands<\/strong>, \u201cesta propuesta de nuevos LIC es un paso muy importante para la conservaci\u00f3n del oc\u00e9ano en Canarias y nos acerca al objetivo de proteger al menos el 30% de nuestras aguas para 2030. Ahora es fundamental aprovechar el proceso participativo y trabajar para que estas \u00e1reas cuenten con una protecci\u00f3n y una gesti\u00f3n realmente efectivas\u201d. <\/p>\n\n\n\n<p class=\"wp-block-paragraph\">Mallo destaca, adem\u00e1s, que \u201cestas nuevas propuestas de LIC responden tambi\u00e9n a una insuficiencia ecol\u00f3gica detectada por la Comisi\u00f3n Europea en la Red Natura 2000 marina espa\u00f1ola, especialmente en la regi\u00f3n macaron\u00e9sica, donde determinados h\u00e1bitats y especies de inter\u00e9s comunitario todav\u00eda estaban insuficientemente representados.\u201d<\/p>\n\n\n\n<p class=\"wp-block-paragraph\"><strong>Participaci\u00f3n p\u00fablica abierta hasta el 15 de septiembre de 2026<\/strong><\/p>\n\n\n\n<p class=\"wp-block-paragraph\">Las personas, entidades y organizaciones interesadas podr\u00e1n presentar alegaciones y observaciones desde el <strong>27 de julio de 2026 hasta el 15 de septiembre de 2026<\/strong>.<\/p>\n\n\n\n<p class=\"wp-block-paragraph\">Las aportaciones pueden remitirse a trav\u00e9s del siguiente formulario oficial del MITECO:<\/p>\n\n\n\n<p class=\"wp-block-paragraph\">&nbsp;<a href=\"https:\/\/forma.administracionelectronica.gob.es\/form\/open\/corp\/20068aef-b912-4e6c-8f02-3fa82330c598\/BEWF\">Presentar alegaciones<\/a><\/p>\n\n\n\n<p class=\"wp-block-paragraph\">Tambi\u00e9n podr\u00e1n utilizarse otros medios v\u00e1lidos en derecho.<\/p>\n\n\n\n<p class=\"wp-block-paragraph\">Para que las alegaciones sean admitidas, ser\u00e1 necesario que el remitente est\u00e9 plenamente identificado, indicando nombre completo y DNI en el caso de personas f\u00edsicas, o denominaci\u00f3n social y NIF para personas jur\u00eddicas.<\/p>\n\n\n\n<p class=\"wp-block-paragraph\"><strong>Una propuesta con especial relevancia para Canarias<\/strong><\/p>\n\n\n\n<p class=\"wp-block-paragraph\">De los 21 LIC propuestos, <strong>17 corresponden a aguas marinas de Canarias<\/strong>, reforzando significativamente la representaci\u00f3n de h\u00e1bitats y especies marinas de alto valor ecol\u00f3gico en la Red Natura 2000. Entre ellos destacan espacios vinculados a sebadales, arrecifes, ca\u00f1ones submarinos y \u00e1reas de alimentaci\u00f3n y reproducci\u00f3n de cet\u00e1ceos, aves marinas y otras especies protegidas.<\/p>\n\n\n\n<p class=\"wp-block-paragraph\"><strong>Espacios marinos propuestos en Canarias<\/strong><\/p>\n\n\n\n<p class=\"wp-block-paragraph\"><strong>La Palma<\/strong><\/p>\n\n\n\n<ul class=\"wp-block-list\">\n<li><a href=\"https:\/\/www.miteco.gob.es\/content\/dam\/miteco\/es\/biodiversidad\/participacion-publica\/anexos\/informacion_publica\/rn2k_marinos_2026\/MMAC_LIC_ESZZ15005_Franja_marina_occidental_de_La_Palma.pdf\">LIC ESZZ15005 Franja marina occidental de La Palma<\/a><\/li>\n\n\n\n<li><a href=\"https:\/\/www.miteco.gob.es\/content\/dam\/miteco\/es\/biodiversidad\/participacion-publica\/anexos\/informacion_publica\/rn2k_marinos_2026\/MMAC_LIC_ESZZ15006_Entorno_de_la_costa_de_Garafia.pdf\">LIC ESZZ15006 Entorno de la costa de Garaf\u00eda<\/a><\/li>\n\n\n\n<li><a href=\"https:\/\/www.miteco.gob.es\/content\/dam\/miteco\/es\/biodiversidad\/participacion-publica\/anexos\/informacion_publica\/rn2k_marinos_2026\/MMAC_LIC_ESZZ15007_Espacio_Marino_entre_el_Guindaste_y_Puerto_Trigo.pdf\">LIC ESZZ15007 Espacio marino entre El Guindaste y Puerto Trigo<\/a><\/li>\n<\/ul>\n\n\n\n<p class=\"wp-block-paragraph\"><strong>La Gomera<\/strong><\/p>\n\n\n\n<ul class=\"wp-block-list\">\n<li><a href=\"https:\/\/www.miteco.gob.es\/content\/dam\/miteco\/es\/biodiversidad\/participacion-publica\/anexos\/informacion_publica\/rn2k_marinos_2026\/MMAC_LIC_ESZZ15008_Aguas_profundas_entorno_a_Santiago_Valle_Gran_Rey.pdf\">LIC ESZZ15008 Aguas profundas en torno a Santiago-Valle Gran Rey<\/a><\/li>\n\n\n\n<li><a href=\"https:\/\/www.miteco.gob.es\/content\/dam\/miteco\/es\/biodiversidad\/participacion-publica\/anexos\/informacion_publica\/rn2k_marinos_2026\/MMAC_LIC_ESZZ15009_Sebadales_del_este_de_La_Gomera.pdf\">LIC ESZZ15009 Sebadales del este de La Gomera<\/a><\/li>\n\n\n\n<li><a href=\"https:\/\/www.miteco.gob.es\/content\/dam\/miteco\/es\/biodiversidad\/participacion-publica\/anexos\/informacion_publica\/rn2k_marinos_2026\/MMAC_LIC_ESZZ15010_Entorno_marino_del_noreste_de_La_Gomera_v2.pdf\">LIC ESZZ15010 Entorno marino del noreste de La Gomera<\/a><\/li>\n<\/ul>\n\n\n\n<p class=\"wp-block-paragraph\"><strong>Tenerife<\/strong><\/p>\n\n\n\n<ul class=\"wp-block-list\">\n<li><a href=\"https:\/\/www.miteco.gob.es\/content\/dam\/miteco\/es\/biodiversidad\/participacion-publica\/anexos\/informacion_publica\/rn2k_marinos_2026\/MMAC_LIC_ESZZ15011_Sebadales_de_Igueste.pdf\">LIC ESZZ15011 Sebadales de Igueste<\/a><\/li>\n\n\n\n<li><a href=\"https:\/\/www.miteco.gob.es\/content\/dam\/miteco\/es\/biodiversidad\/participacion-publica\/anexos\/informacion_publica\/rn2k_marinos_2026\/MMAC_LIC_ESZZ15012_Sebadales_del_este_de_Tenerife.pdf\">LIC ESZZ15012 Sebadales del este de Tenerife<\/a><\/li>\n\n\n\n<li><a href=\"https:\/\/www.miteco.gob.es\/content\/dam\/miteco\/es\/biodiversidad\/participacion-publica\/anexos\/informacion_publica\/rn2k_marinos_2026\/MMAC_LIC_ESZZ15013_Entorno_de_la_franja_marina_de_Teno_Rasca.pdf\">LIC ESZZ15013 Entorno de la franja marina de Teno-Rasca<\/a><\/li>\n\n\n\n<li><a href=\"https:\/\/www.miteco.gob.es\/content\/dam\/miteco\/es\/biodiversidad\/participacion-publica\/anexos\/informacion_publica\/rn2k_marinos_2026\/MMAC_LIC_ESZZ15014_Plataforma_exterior_de_la_costa_de_San_Juan_de_la_Rambla.pdf\">LIC ESZZ15014 Plataforma exterior de la costa de San Juan de la Rambla<\/a><\/li>\n\n\n\n<li><a href=\"https:\/\/www.miteco.gob.es\/content\/dam\/miteco\/es\/biodiversidad\/participacion-publica\/anexos\/informacion_publica\/rn2k_marinos_2026\/MMAC_LIC_ESZZ15015_Arrecifes_del_norte_de_Tenerife.pdf\">LIC ESZZ15015 Arrecifes del norte de Tenerife<\/a><\/li>\n<\/ul>\n\n\n\n<p class=\"wp-block-paragraph\"><strong>Gran Canaria<\/strong><\/p>\n\n\n\n<ul class=\"wp-block-list\">\n<li><a href=\"https:\/\/www.miteco.gob.es\/content\/dam\/miteco\/es\/biodiversidad\/participacion-publica\/anexos\/informacion_publica\/rn2k_marinos_2026\/MMAC_LIC_ESZZ15016_Arrecifes_entre_la_Punta_de_Gando_y_la_Punta_del_Cuervito.pdf\">LIC ESZZ15016 Arrecifes entre la Punta de Gando y la Punta del Cuervito<\/a><\/li>\n\n\n\n<li><a href=\"https:\/\/www.miteco.gob.es\/content\/dam\/miteco\/es\/biodiversidad\/participacion-publica\/anexos\/informacion_publica\/rn2k_marinos_2026\/MMAC_LIC_ESZZ15017_Sebadales_y_arrecifes_frente_a_Santa_Lucia_de_Tirajana.pdf\">LIC ESZZ15017 Sebadales y arrecifes frente a Santa Luc\u00eda de Tirajana<\/a><\/li>\n\n\n\n<li><a href=\"https:\/\/www.miteco.gob.es\/content\/dam\/miteco\/es\/biodiversidad\/participacion-publica\/anexos\/informacion_publica\/rn2k_marinos_2026\/MMAC_LIC_ESZZ15021_Espacio_marino_de_la_Costa_noroccidental_de_Gran_Canaria_v2.pdf\">LIC ESZZ15021 Espacio marino de la costa noroccidental de Gran Canaria<\/a><\/li>\n\n\n\n<li><a href=\"https:\/\/www.miteco.gob.es\/content\/dam\/miteco\/es\/biodiversidad\/participacion-publica\/anexos\/informacion_publica\/rn2k_marinos_2026\/MMAC_LIC_ESZZ15022_Formaciones_arrecifales_desde_la_Punta_del_Ataque_hacia_el_Confital.pdf\">LIC ESZZ15022 Formaciones arrecifales desde la Punta del Ataque hacia El Confital<\/a><\/li>\n<\/ul>\n\n\n\n<p class=\"wp-block-paragraph\"><strong>Fuerteventura<\/strong><\/p>\n\n\n\n<ul class=\"wp-block-list\">\n<li><a href=\"https:\/\/www.miteco.gob.es\/content\/dam\/miteco\/es\/biodiversidad\/participacion-publica\/anexos\/informacion_publica\/rn2k_marinos_2026\/MMAC_LIC_ESZZ15018_Sebadales_del_Cardon.pdf\">LIC ESZZ15018 Sebadales del Card\u00f3n<\/a><\/li>\n<\/ul>\n\n\n\n<p class=\"wp-block-paragraph\"><strong>Lanzarote<\/strong><\/p>\n\n\n\n<ul class=\"wp-block-list\">\n<li><a href=\"https:\/\/www.miteco.gob.es\/content\/dam\/miteco\/es\/biodiversidad\/participacion-publica\/anexos\/informacion_publica\/rn2k_marinos_2026\/MMAC_LIC_ESZZ15023_Sebadales_de_Famara.pdf\">LIC ESZZ15023 Sebadales de Famara<\/a><\/li>\n<\/ul>\n\n\n\n<p class=\"wp-block-paragraph\"><strong>Nuevas ZEPA propuestas en Canarias<\/strong><\/p>\n\n\n\n<ul class=\"wp-block-list\">\n<li><a href=\"https:\/\/www.miteco.gob.es\/content\/dam\/miteco\/es\/biodiversidad\/participacion-publica\/anexos\/informacion_publica\/rn2k_marinos_2026\/MMAC_ZEPA_ES0000558_Aguas_noroccidentales_de_Lanzarote.pdf\">ZEPA ES0000558 Aguas noroccidentales de Lanzarote<\/a><\/li>\n\n\n\n<li><a href=\"https:\/\/www.miteco.gob.es\/content\/dam\/miteco\/es\/biodiversidad\/participacion-publica\/anexos\/informacion_publica\/rn2k_marinos_2026\/MMAC_ZEPA_ES0000559_Aguas_entorno_a_la_Gomera_y_Tenerife.pdf\">ZEPA ES0000559 Aguas en torno a La Gomera y Tenerife<\/a><\/li>\n<\/ul>\n\n\n\n<p class=\"wp-block-paragraph\"><strong>Documentaci\u00f3n de consulta<\/strong><\/p>\n\n\n\n<p class=\"wp-block-paragraph\">Los interesados pueden acceder a la documentaci\u00f3n completa del procedimiento:<\/p>\n\n\n\n<ul class=\"wp-block-list\">\n<li><a href=\"https:\/\/www.miteco.gob.es\/content\/dam\/miteco\/es\/biodiversidad\/participacion-publica\/anexos\/informacion_publica\/rn2k_marinos_2026\/20260526_OM_21%20lic%20y%202%20Zepa.pdf\">Proyecto de Orden ministerial<\/a><\/li>\n\n\n\n<li><a href=\"https:\/\/www.miteco.gob.es\/content\/dam\/miteco\/es\/biodiversidad\/participacion-publica\/anexos\/informacion_publica\/rn2k_marinos_2026\/LIC_ZEPA_MMAC_LIC_MMED_20260526__KML.zip\">Cartograf\u00eda vectorial de todos los espacios propuestos (KML)<\/a><\/li>\n<\/ul>\n\n\n\n<p class=\"wp-block-paragraph\"><strong>Un paso decisivo hacia el 30&#215;30<\/strong><\/p>\n\n\n\n<p class=\"wp-block-paragraph\">La ampliaci\u00f3n de la Red Natura 2000 marina supone un avance estrat\u00e9gico para la conservaci\u00f3n de los ecosistemas marinos espa\u00f1oles y, especialmente, de Canarias, uno de los principales puntos calientes de biodiversidad marina del Atl\u00e1ntico oriental. La propuesta permitir\u00e1 mejorar la protecci\u00f3n de h\u00e1bitats clave como los sebadales y arrecifes, adem\u00e1s de reforzar la conservaci\u00f3n de especies de inter\u00e9s comunitario y aves marinas amenazadas. Las nuevas \u00e1reas incorporan aproximadamente\u00a022.405 km\u00b2, aumentando en\u00a02,08 puntos porcentuales<strong>\u00a0<\/strong>la superficie marina protegida espa\u00f1ola: del 22,45 % al 24,53 <strong>%.<\/strong> Los espacios propuestos como LIC quedan sometidos a un\u00a0r\u00e9gimen de protecci\u00f3n preventiva\u00a0para evitar que empeore el estado de conservaci\u00f3n de sus h\u00e1bitats y especies. Por tanto,\u00a0no est\u00e1n esperando completamente desprotegidos hasta convertirse en ZEC.<\/p>\n\n\n\n<p class=\"wp-block-paragraph\">Con este proceso participativo, el MITECO invita a administraciones, sector pesquero, comunidad cient\u00edfica, organizaciones ambientales y ciudadan\u00eda a contribuir al dise\u00f1o de una red de espacios marinos protegidos m\u00e1s representativa, conectada y eficaz para alcanzar los objetivos de conservaci\u00f3n de 2030.<\/p>\n","protected":false},"excerpt":{"rendered":"<p>El Ministerio para la Transici\u00f3n Ecol\u00f3gica y el Reto Demogr\u00e1fico (MITECO) ha abierto el tr\u00e1mite de audiencia e informaci\u00f3n p\u00fablica del proyecto de Orden ministerial por la que se propone la inclusi\u00f3n de 21 espacios marinos protegidos en la lista de Lugares de Importancia Comunitaria (LIC) de la Red Natura 2000 y la declaraci\u00f3n de [&hellip;]<\/p>\n","protected":false},"author":6,"featured_media":1849,"comment_status":"open","ping_status":"closed","sticky":false,"template":"","format":"standard","meta":{"_et_pb_use_builder":"off","_et_pb_old_content":"","_et_gb_content_width":"","footnotes":""},"categories":[17],"tags":[],"class_list":["post-1848","post","type-post","status-publish","format-standard","has-post-thumbnail","hentry","category-noticias"],"_links":{"self":[{"href":"https:\/\/mpacanaryislands.org\/index.php?rest_route=\/wp\/v2\/posts\/1848","targetHints":{"allow":["GET"]}}],"collection":[{"href":"https:\/\/mpacanaryislands.org\/index.php?rest_route=\/wp\/v2\/posts"}],"about":[{"href":"https:\/\/mpacanaryislands.org\/index.php?rest_route=\/wp\/v2\/types\/post"}],"author":[{"embeddable":true,"href":"https:\/\/mpacanaryislands.org\/index.php?rest_route=\/wp\/v2\/users\/6"}],"replies":[{"embeddable":true,"href":"https:\/\/mpacanaryislands.org\/index.php?rest_route=%2Fwp%2Fv2%2Fcomments&post=1848"}],"version-history":[{"count":2,"href":"https:\/\/mpacanaryislands.org\/index.php?rest_route=\/wp\/v2\/posts\/1848\/revisions"}],"predecessor-version":[{"id":1853,"href":"https:\/\/mpacanaryislands.org\/index.php?rest_route=\/wp\/v2\/posts\/1848\/revisions\/1853"}],"wp:featuredmedia":[{"embeddable":true,"href":"https:\/\/mpacanaryislands.org\/index.php?rest_route=\/wp\/v2\/media\/1849"}],"wp:attachment":[{"href":"https:\/\/mpacanaryislands.org\/index.php?rest_route=%2Fwp%2Fv2%2Fmedia&parent=1848"}],"wp:term":[{"taxonomy":"category","embeddable":true,"href":"https:\/\/mpacanaryislands.org\/index.php?rest_route=%2Fwp%2Fv2%2Fcategories&post=1848"},{"taxonomy":"post_tag","embeddable":true,"href":"https:\/\/mpacanaryislands.org\/index.php?rest_route=%2Fwp%2Fv2%2Ftags&post=1848"}],"curies":[{"name":"wp","href":"https:\/\/api.w.org\/{rel}","templated":true}]}}