{"id":1874,"date":"2026-09-04T22:31:52","date_gmt":"2026-09-04T21:31:52","guid":{"rendered":"https:\/\/mpacanaryislands.org\/?p=1874"},"modified":"2026-09-04T22:32:11","modified_gmt":"2026-09-04T21:32:11","slug":"ipesca-nueva-app-que-mejora-la-gestion-de-las-areas-marinas-protegidas-en-espana","status":"publish","type":"post","link":"https:\/\/mpacanaryislands.org\/?p=1874","title":{"rendered":"iPesca, nueva app que mejora la gesti\u00f3n de las \u00e1reas marinas protegidas en Espa\u00f1a"},"content":{"rendered":"\n<p class=\"wp-block-paragraph\">El Ministerio de Agricultura, Pesca y Alimentaci\u00f3n impartir\u00e1 por v\u00eda telem\u00e1tica el s\u00e1bado, 5 de septiembre a las 10:00 horas, una jornada formativa sobre el uso y manejo de la aplicaci\u00f3n iPesca, dirigida a los armadores y patrones de los buques de menos de 12 metros de eslora que operan en las Reservas Marinas de Inter\u00e9s Pesquero (RMIP).<\/p>\n\n\n\n<p class=\"wp-block-paragraph\">La celebraci\u00f3n de esta jornada responde al compromiso adquirido por el ministro de Agricultura, Pesca y Alimentaci\u00f3n, Luis Planas, durante su visita a la isla de La Graciosa el pasado mes de julio, con motivo del 30 aniversario de las Reservas Marinas de Inter\u00e9s Pesquero de Canarias y atiende a la petici\u00f3n trasladada por las cofrad\u00edas de pescadores para facilitar la adaptaci\u00f3n de la flota artesanal a las nuevas obligaciones.<\/p>\n\n\n\n<p class=\"wp-block-paragraph\">iPesca es la aplicaci\u00f3n desarrollada por la Secretar\u00eda General de Pesca para facilitar a la flota pesquera artesanal la comunicaci\u00f3n de capturas, la declaraci\u00f3n de desembarque y la geolocalizaci\u00f3n de la actividad pesquera. Se trata de una herramienta de manejo sencillo que puede instalarse y utilizarse en dispositivos m\u00f3viles, tanto tel\u00e9fonos como tabletas.<\/p>\n\n\n\n<p class=\"wp-block-paragraph\">La jornada tendr\u00e1 un enfoque eminentemente pr\u00e1ctico, con el objetivo de que los profesionales de la flota puedan familiarizarse con la aplicaci\u00f3n y conocer de primera mano c\u00f3mo utilizarla para comunicar su actividad.<\/p>\n\n\n\n<p class=\"wp-block-paragraph\">Esta formaci\u00f3n permitir\u00e1 a los usuarios prepararse para el cumplimiento de las obligaciones establecidas en el Real Decreto 214\/2026, de 18 de marzo, relativas al empleo de medios electr\u00f3nicos para declarar la actividad pesquera en estos espacios protegidos.<\/p>\n\n\n\n<p class=\"wp-block-paragraph\">La informaci\u00f3n proporcionada por la flota a trav\u00e9s de la aplicaci\u00f3n permitir\u00e1 mejorar el conocimiento sobre la actividad pesquera y contribuir a la evaluaci\u00f3n y gesti\u00f3n de los recursos pesqueros en las Reservas Marinas de Inter\u00e9s Pesquero.<\/p>\n\n\n\n<p class=\"wp-block-paragraph\">Adem\u00e1s de la jornada formativa, los armadores tendr\u00e1n a su disposici\u00f3n la aplicaci\u00f3n iPesca y un servicio de atenci\u00f3n 24 horas al d\u00eda, los 7 d\u00edas de la semana prestado por el equipo del Diario de Pesca, para resolver dudas y atender cualquier incidencia relacionada con su utilizaci\u00f3n.<\/p>\n\n\n\n<p class=\"wp-block-paragraph\">Con esta iniciativa, el ministerio refuerza su compromiso con una gesti\u00f3n pesquera responsable, la mejora de la gesti\u00f3n y la conservaci\u00f3n de los espacios marinos protegidos y el apoyo al sector pesquero en el cumplimiento de las obligaciones de control establecidas tanto en la normativa europea como en la espa\u00f1ola.<\/p>\n\n\n\n<p class=\"wp-block-paragraph\">Las personas que quieran participar pueden inscribirse en este correo electr\u00f3nico: bzn-diariomovil@mapa.es<br>&nbsp;<\/p>\n","protected":false},"excerpt":{"rendered":"<p>El Ministerio de Agricultura, Pesca y Alimentaci\u00f3n impartir\u00e1 por v\u00eda telem\u00e1tica el s\u00e1bado, 5 de septiembre a las 10:00 horas, una jornada formativa sobre el uso y manejo de la aplicaci\u00f3n iPesca, dirigida a los armadores y patrones de los buques de menos de 12 metros de eslora que operan en las Reservas Marinas de [&hellip;]<\/p>\n","protected":false},"author":6,"featured_media":1875,"comment_status":"open","ping_status":"closed","sticky":false,"template":"","format":"standard","meta":{"_et_pb_use_builder":"off","_et_pb_old_content":"","_et_gb_content_width":"","footnotes":""},"categories":[17],"tags":[],"class_list":["post-1874","post","type-post","status-publish","format-standard","has-post-thumbnail","hentry","category-noticias"],"_links":{"self":[{"href":"https:\/\/mpacanaryislands.org\/index.php?rest_route=\/wp\/v2\/posts\/1874","targetHints":{"allow":["GET"]}}],"collection":[{"href":"https:\/\/mpacanaryislands.org\/index.php?rest_route=\/wp\/v2\/posts"}],"about":[{"href":"https:\/\/mpacanaryislands.org\/index.php?rest_route=\/wp\/v2\/types\/post"}],"author":[{"embeddable":true,"href":"https:\/\/mpacanaryislands.org\/index.php?rest_route=\/wp\/v2\/users\/6"}],"replies":[{"embeddable":true,"href":"https:\/\/mpacanaryislands.org\/index.php?rest_route=%2Fwp%2Fv2%2Fcomments&post=1874"}],"version-history":[{"count":2,"href":"https:\/\/mpacanaryislands.org\/index.php?rest_route=\/wp\/v2\/posts\/1874\/revisions"}],"predecessor-version":[{"id":1878,"href":"https:\/\/mpacanaryislands.org\/index.php?rest_route=\/wp\/v2\/posts\/1874\/revisions\/1878"}],"wp:featuredmedia":[{"embeddable":true,"href":"https:\/\/mpacanaryislands.org\/index.php?rest_route=\/wp\/v2\/media\/1875"}],"wp:attachment":[{"href":"https:\/\/mpacanaryislands.org\/index.php?rest_route=%2Fwp%2Fv2%2Fmedia&parent=1874"}],"wp:term":[{"taxonomy":"category","embeddable":true,"href":"https:\/\/mpacanaryislands.org\/index.php?rest_route=%2Fwp%2Fv2%2Fcategories&post=1874"},{"taxonomy":"post_tag","embeddable":true,"href":"https:\/\/mpacanaryislands.org\/index.php?rest_route=%2Fwp%2Fv2%2Ftags&post=1874"}],"curies":[{"name":"wp","href":"https:\/\/api.w.org\/{rel}","templated":true}]}}